{"id":163,"date":"2026-04-26T15:45:15","date_gmt":"2026-04-26T13:45:15","guid":{"rendered":"https:\/\/ostalb-jazz-orchestra.de\/?p=163"},"modified":"2026-04-26T15:45:17","modified_gmt":"2026-04-26T13:45:17","slug":"ankuendigung-konzert-mit-axel-schlosser-am-7-juni-2026","status":"publish","type":"post","link":"https:\/\/ostalb-jazz-orchestra.de\/?p=163","title":{"rendered":"Ank\u00fcndigung: Konzert mit Axel Schlosser am 7. Juni 2026"},"content":{"rendered":"\n<p>Wie schon erw\u00e4hnt (<a href=\"https:\/\/ostalb-jazz-orchestra.de\/?p=1\">hier<\/a>) spielen wir am <strong>Sonntag, 7. Juni 2026, mit Axel Schlosser<\/strong> auf der Sparkassen Heimatb\u00fchne auf der Landesgartenschau in Ellwangen. Das Konzert beginnt um <strong>20:00 Uhr<\/strong> und wird ohne Pause durchgehen, dabei ca. 80-90 Minuten dauern. Der Eintritt ist frei, allerdings muss man ein g\u00fcltiges Ticket f\u00fcr die Landesgartenschau besitzen, um erst einmal auf das Gel\u00e4nde zu kommen, z.B. eine der \u00e4u\u00dferst beliebten Jahreskarten, von denen bereits <em>\u00fcber 33.000 St\u00fcck<\/em> verkauft wurden \u2013\u00a0<em>wow!<\/em> <a href=\"https:\/\/www.ellwangen2026.de\/besuch\/eintrittspreise\/\" target=\"_blank\" rel=\"noreferrer noopener\">Hier<\/a> finden Sie weitere Informationen \u00fcber Ticketpreise und -verf\u00fcgbarkeiten (wir haben mit dem Verkauf der Eintrittskarten nichts zu tun, k\u00f6nnen also auch keine Karten \u201ebesorgen\u201c).<\/p>\n\n\n\n<figure class=\"wp-block-image size-large\"><img loading=\"lazy\" decoding=\"async\" width=\"1024\" height=\"722\" src=\"https:\/\/ostalb-jazz-orchestra.de\/wp-content\/uploads\/2026\/04\/Flyer-Axel-Schlosser-2026-high-1024x722.jpg\" alt=\"\" class=\"wp-image-164\" srcset=\"https:\/\/ostalb-jazz-orchestra.de\/wp-content\/uploads\/2026\/04\/Flyer-Axel-Schlosser-2026-high-1024x722.jpg 1024w, https:\/\/ostalb-jazz-orchestra.de\/wp-content\/uploads\/2026\/04\/Flyer-Axel-Schlosser-2026-high-300x211.jpg 300w, https:\/\/ostalb-jazz-orchestra.de\/wp-content\/uploads\/2026\/04\/Flyer-Axel-Schlosser-2026-high-768x541.jpg 768w, https:\/\/ostalb-jazz-orchestra.de\/wp-content\/uploads\/2026\/04\/Flyer-Axel-Schlosser-2026-high-1536x1083.jpg 1536w, https:\/\/ostalb-jazz-orchestra.de\/wp-content\/uploads\/2026\/04\/Flyer-Axel-Schlosser-2026-high-2048x1444.jpg 2048w, https:\/\/ostalb-jazz-orchestra.de\/wp-content\/uploads\/2026\/04\/Flyer-Axel-Schlosser-2026-high-1300x916.jpg 1300w\" sizes=\"auto, (max-width: 1024px) 100vw, 1024px\" \/><\/figure>\n\n\n\n<p>Um bei all den vielen \u00fcberaus attraktiven kulturellen Angeboten unseren eigenen Beitrag zum Gelingen der Landesgartenschau 2026 nicht in Vergessenheit geraten zu lassen (und um vor einem gro\u00dfen Publikum spielen zu k\u00f6nnen, weil das nun einmal viel mehr Spa\u00df macht), haben wir einen <strong>Flyer<\/strong> gestaltet, der nun digital und auch in Papierform in Umlauf gebracht wird.<\/p>\n\n\n\n<p>Sollten Sie Lust versp\u00fcren, uns am 7. Juni zu lauschen, bringen Sie doch am besten gleich Partner:Innen, Freunde, Kinder, Kolleg:Innen mit \u2013 Sie werden es nicht bereuen!<\/p>\n","protected":false},"excerpt":{"rendered":"<p>Wie schon erw\u00e4hnt (hier) spielen wir am Sonntag, 7. Juni 2026, mit Axel Schlosser auf der Sparkassen Heimatb\u00fchne auf der &hellip; <a title=\"Ank\u00fcndigung: Konzert mit Axel Schlosser am 7. Juni 2026\" class=\"hm-read-more\" href=\"https:\/\/ostalb-jazz-orchestra.de\/?p=163\"><span class=\"screen-reader-text\">Ank\u00fcndigung: Konzert mit Axel Schlosser am 7. Juni 2026<\/span>Weiterlesen<\/a><\/p>\n","protected":false},"author":1,"featured_media":164,"comment_status":"open","ping_status":"open","sticky":false,"template":"","format":"standard","meta":{"footnotes":""},"categories":[15,4,7,5,8],"tags":[],"class_list":["post-163","post","type-post","status-publish","format-standard","has-post-thumbnail","hentry","category-ankuendigung","category-axel-schlosser","category-ellwangen","category-konzert","category-landesgartenschau"],"_links":{"self":[{"href":"https:\/\/ostalb-jazz-orchestra.de\/index.php?rest_route=\/wp\/v2\/posts\/163","targetHints":{"allow":["GET"]}}],"collection":[{"href":"https:\/\/ostalb-jazz-orchestra.de\/index.php?rest_route=\/wp\/v2\/posts"}],"about":[{"href":"https:\/\/ostalb-jazz-orchestra.de\/index.php?rest_route=\/wp\/v2\/types\/post"}],"author":[{"embeddable":true,"href":"https:\/\/ostalb-jazz-orchestra.de\/index.php?rest_route=\/wp\/v2\/users\/1"}],"replies":[{"embeddable":true,"href":"https:\/\/ostalb-jazz-orchestra.de\/index.php?rest_route=%2Fwp%2Fv2%2Fcomments&post=163"}],"version-history":[{"count":1,"href":"https:\/\/ostalb-jazz-orchestra.de\/index.php?rest_route=\/wp\/v2\/posts\/163\/revisions"}],"predecessor-version":[{"id":165,"href":"https:\/\/ostalb-jazz-orchestra.de\/index.php?rest_route=\/wp\/v2\/posts\/163\/revisions\/165"}],"wp:featuredmedia":[{"embeddable":true,"href":"https:\/\/ostalb-jazz-orchestra.de\/index.php?rest_route=\/wp\/v2\/media\/164"}],"wp:attachment":[{"href":"https:\/\/ostalb-jazz-orchestra.de\/index.php?rest_route=%2Fwp%2Fv2%2Fmedia&parent=163"}],"wp:term":[{"taxonomy":"category","embeddable":true,"href":"https:\/\/ostalb-jazz-orchestra.de\/index.php?rest_route=%2Fwp%2Fv2%2Fcategories&post=163"},{"taxonomy":"post_tag","embeddable":true,"href":"https:\/\/ostalb-jazz-orchestra.de\/index.php?rest_route=%2Fwp%2Fv2%2Ftags&post=163"}],"curies":[{"name":"wp","href":"https:\/\/api.w.org\/{rel}","templated":true}]}}